{"id":1053,"date":"2020-09-15T08:21:59","date_gmt":"2020-09-15T06:21:59","guid":{"rendered":"https:\/\/uni-vers-elle.com\/?p=1053"},"modified":"2023-08-25T13:19:55","modified_gmt":"2023-08-25T11:19:55","slug":"votre-reconnexion-personnelle-bientot-disponible-en-notre-cabinet","status":"publish","type":"post","link":"https:\/\/uni-vers-elle.com\/index.php\/2020\/09\/15\/votre-reconnexion-personnelle-bientot-disponible-en-notre-cabinet\/","title":{"rendered":"Votre Reconnexion\u00ae personnelle  disponible d\u00e8s \u00e0 pr\u00e9sent en notre cabinet"},"content":{"rendered":"\n<p><\/p>\n\n\n\n<div class=\"wp-block-image\"><figure class=\"aligncenter size-large\"><img loading=\"lazy\" width=\"300\" height=\"309\" src=\"https:\/\/uni-vers-elle.com\/wp-content\/uploads\/2020\/09\/man-reconnexion.jpg\" alt=\"\" class=\"wp-image-1054\" srcset=\"https:\/\/uni-vers-elle.com\/wp-content\/uploads\/2020\/09\/man-reconnexion.jpg 300w, https:\/\/uni-vers-elle.com\/wp-content\/uploads\/2020\/09\/man-reconnexion-291x300.jpg 291w\" sizes=\"(max-width: 300px) 100vw, 300px\" \/><figcaption><strong>La Reconnexion personnelle concerne uniquement les personnes qui souhaitent acc\u00e9l\u00e9rer leur \u00e9volution personnelle<\/strong>.<br><strong>Le processus de la Reconnexion<a href=\"https:\/\/www.danselavie.org\/formation-reconnexion\/\">\u00ae<\/a> personnelle<\/strong><br><strong>se fait une fois dans la vie<\/strong><br><strong>en deux s\u00e9ances.<\/strong><\/figcaption><\/figure><\/div>\n\n\n\n<p class=\"has-text-align-center\"><strong>Recevoir la Reconnexion<a href=\"https:\/\/www.danselavie.org\/formation-reconnexion\/\">\u00ae<\/a> personnelle<\/strong> :<\/p>\n\n\n\n<ul><li><strong>Acc\u00e9l\u00e8re\u00a0<\/strong>l\u2019\u00e9volution de la conscience incarn\u00e9e<\/li><li><strong>Reconnecte<\/strong>\u00a0\u00e0 tous les  plans\u00a0: \u00a0<\/li><\/ul>\n\n\n\n<p><\/p>\n\n\n\n<p>1. Au travers des corps, en activant et reliant certaines lignes et points, les lignes \u00e9nerg\u00e9tiques aux m\u00e9ridiens de la plan\u00e8te, aux des lignes axiatonales\u00a0de l\u2019univers<\/p>\n\n\n\n<ul><li><strong>R\u00e9 informe votre \u00eatre de sa mission de vie<\/strong>\u00a0car les fr\u00e9quences du Reconnective Healing<a href=\"https:\/\/www.danselavie.org\/formation-reconnexion\/\">\u00ae<\/a> informent sp\u00e9cifiquement tous nos corps , sur cette plan\u00e8te mais aussi  l\u2019Univers.<br>Ce processus d\u2019\u00e9volution ouvre \u00e0 des transformations profondes, \u00e0 votre instinct, reconnecte l\u2019enfant int\u00e9rieur et acc\u00e9l\u00e8re l\u2019expansion illimit\u00e9e, de votre conscience.<\/li><\/ul>\n\n\n\n<!--more-->\n\n\n\n<p><strong>&nbsp;La Reconnexion personnelle<\/strong>, cousine du Reconnective Healing<a href=\"https:\/\/www.danselavie.org\/formation-reconnexion\/\">\u00ae<\/a> mais diff\u00e9rente dans sa perspective, vise \u00e0 relier nos \u00ab&nbsp;m\u00e9ridiens \u00bb corporels (canaux \u00e9nerg\u00e9tiques internes) aux r\u00e9seaux cosmo-telluriques de l\u2019univers. Elle favorise les \u00e9changes intimes avec l\u2019\u00e9nergie du ciel, de la terre, de la nature et de tous les \u00eatres vivants. Elle nous fait entrer en r\u00e9sonance avec le \u00ab monde visible et invisible&nbsp;\u00bb dont nous faisons partie int\u00e9grante.<br>Agissant vraisemblablement jusqu\u2019au c\u0153ur m\u00eame de notre ADN, la Reconnexion \u00e9tend notre champ de perception de lumi\u00e8re et d\u2019information. Notre vision, notre compr\u00e9hension des choses s\u2019en trouvent renouvel\u00e9es.<br>Les fr\u00e9quences vibratoires \u00e9lev\u00e9es qui entrent en jeu d\u00e9tachent progressivement les souvenirs douloureux, les h\u00e9ritages transg\u00e9n\u00e9rationnels, les fausses obligations, les programmations obsol\u00e8tes, les blocages \u00e9motionnels\u2026 C\u2019est d\u2019une vraie lib\u00e9ration int\u00e9rieure qu\u2019il est question. D\u2019un recouvrement de nous-m\u00eame, dans notre totalit\u00e9.<\/p>\n\n\n\n<p><br>\u00a0\u00bb Tout ce qu&rsquo;il nous faut faire, c&rsquo;est retourner \u00e0 notre vibration lumineuse, naturelle. Et si nous vibrons \u00e0 notre niveau de lumi\u00e8re optimal, tout ce qui est plus dense que cette lumi\u00e8re n&rsquo;a plus grand chose auquel s&rsquo;accrocher et se d\u00e9tache donc de soi-m\u00eame \u2013 si c&rsquo;est appropri\u00e9 pour nous \u00e0 cette \u00e9tape-l\u00e0 de notre chemin.\u00a0\u00bb <strong> Eric Pearl<\/strong><\/p>\n\n\n\n<p><\/p>\n\n\n\n<p><strong>Acc\u00e9der \u00e0 une autre forme de sagesse<\/strong> :<br>Cette mise en connexion avec des fr\u00e9quences \u00e9nerg\u00e9tiques sup\u00e9rieures stimule de fa\u00e7on concr\u00e8te l\u2019\u00e9volution personnelle de ceux qui la vivent. Comme une \u00ab&nbsp;boussole int\u00e9rieure&nbsp;\u00bb vers le bonheur, la Reconnexion nous permet de retrouver notre chemin de vie, de red\u00e9finir nos objectifs avec une clart\u00e9 nouvelle. Elle conduit vers l\u2019ouverture, la gratitude et la paix.<\/p>\n\n\n\n<p><br>\u00a0\u00bb A l\u2019origine, les m\u00e9ridiens de notre corps, parfois appel\u00e9s m\u00e9ridiens d\u2019acupuncture, \u00e9taient connect\u00e9s au r\u00e9seau de lignes qui entourent la plan\u00e8te. Les lignes de ce r\u00e9seau ont \u00e9t\u00e9 con\u00e7ues pour se prolonger et nous connecter \u00e0 une grille beaucoup plus grande, qui nous relie \u00e0 l\u2019univers entier. Nous avons perdu la connexion \u00e0 ce maillage au fil du temps. \u00a0\u00bb      <strong>Eric Pearl<\/strong><\/p>\n\n\n\n<p><strong>Deux s\u00e9ances, une fois pour toutes<\/strong> :<br>Contrairement au Reconnective Healing, qui peut \u00eatre r\u00e9p\u00e9t\u00e9 de temps en temps si le besoin s\u2019en fait sentir, la Reconnexion personnelle s\u2019effectue une seule fois sur une vie. Il est recommand\u00e9, pour \u00e9veiller le corps aux fr\u00e9quences de la Reconnexion, de commencer par une s\u00e9ance de Reconnective Healing au pr\u00e9alable.<br>La Reconnexion personnelle se pratique en deux s\u00e9ances d&rsquo;une heure, espac\u00e9es au maximum de 72 heures. Le client est en position couch\u00e9e, habill\u00e9, sans contacts physiques avec le praticien.<\/p>\n\n\n\n<p><br><strong>Ressentis vari\u00e9s<\/strong> :<br>Comme pour le Reconnective Healing, diff\u00e9rents ressentis peuvent se manifester, durant la s\u00e9ance&nbsp;: chaleur ou frissons, picotements, mouvements r\u00e9flexes, images color\u00e9es, gargouillis intestinaux, larmes ou respirations accentu\u00e9es\u2026 mais ce n\u2019est pas toujours le cas. Les perceptions sont uniques et diff\u00e9rentes pour chacun.<br><\/p>\n\n\n\n<p><br><strong>Compl\u00e9mentarit\u00e9 avec les traitements m\u00e9dicaux<\/strong> :<\/p>\n\n\n\n<p>La Reconnexion personnelle est parfaitement compl\u00e9mentaire avec la m\u00e9decine occidentale (et les m\u00e9decines dites alternatives), dont elle renforce l\u2019action. Soulignons qu\u2019elle ne peut en aucun cas se substituer \u00e0 un traitement m\u00e9dical (existant ou \u00e0 venir). La Reconnexion ne se r\u00e9f\u00e8re \u00e0 aucune religion, aucune philosophie ou pratique curative existante. <br>S\u2019il n\u2019existe aucune contre-indication ou effet secondaire n\u00e9gatif enregistr\u00e9s \u00e0 ce jour, il convient de signaler que certaines manifestations \u00e9nerg\u00e9tiques peuvent appara\u00eetre dans les jours qui suivent la Reconnexion (fatigue, excitation, songes, douleurs musculaires temporaires, \u00e9tourdissement\u2026)<\/p>\n\n\n\n<p class=\"has-text-align-center\"><strong>Pr\u00e9-requis<\/strong> :<\/p>\n\n\n\n<p>&nbsp;<\/p>\n\n\n\n<p><\/p>\n\n\n\n<p class=\"has-text-align-center\"><\/p>\n\n\n\n<p class=\"has-text-align-center\">Avoir re\u00e7u au minimum une \u00e0 deux s\u00e9ances de Reconnective Healing<a href=\"https:\/\/www.danselavie.org\/formation-reconnexion\/\">\u00ae<\/a><\/p>\n\n\n\n<p class=\"has-text-align-center\"><strong>Conditions :<\/strong><\/p>\n\n\n\n<p class=\"has-text-align-center\">Au cabinet uniquement, la Reconnexion<a href=\"https:\/\/www.danselavie.org\/formation-reconnexion\/\">\u00ae<\/a> se d\u00e9roule en deux temps sur deux jours ( une partie du Process le premier jour puis la seconde partie le lendemain )<\/p>\n\n\n\n<p>Prix :333 euros <\/p>\n\n\n\n<p>Sur RDV uniquement !<\/p>\n","protected":false},"excerpt":{"rendered":"<p>Recevoir la Reconnexion\u00ae personnelle : Acc\u00e9l\u00e8re\u00a0l\u2019\u00e9volution de la conscience incarn\u00e9e Reconnecte\u00a0\u00e0 tous les plans\u00a0: \u00a0 1. Au travers des corps, &hellip; <\/p>\n<p><a href=\"https:\/\/uni-vers-elle.com\/index.php\/2020\/09\/15\/votre-reconnexion-personnelle-bientot-disponible-en-notre-cabinet\/\" class=\"more-link\">Read More<\/a><\/p>\n","protected":false},"author":2,"featured_media":0,"comment_status":"closed","ping_status":"closed","sticky":false,"template":"","format":"standard","meta":{"_monsterinsights_skip_tracking":false,"_monsterinsights_sitenote_active":false,"_monsterinsights_sitenote_note":"","_monsterinsights_sitenote_category":0},"categories":[1],"tags":[],"_links":{"self":[{"href":"https:\/\/uni-vers-elle.com\/index.php\/wp-json\/wp\/v2\/posts\/1053"}],"collection":[{"href":"https:\/\/uni-vers-elle.com\/index.php\/wp-json\/wp\/v2\/posts"}],"about":[{"href":"https:\/\/uni-vers-elle.com\/index.php\/wp-json\/wp\/v2\/types\/post"}],"author":[{"embeddable":true,"href":"https:\/\/uni-vers-elle.com\/index.php\/wp-json\/wp\/v2\/users\/2"}],"replies":[{"embeddable":true,"href":"https:\/\/uni-vers-elle.com\/index.php\/wp-json\/wp\/v2\/comments?post=1053"}],"version-history":[{"count":9,"href":"https:\/\/uni-vers-elle.com\/index.php\/wp-json\/wp\/v2\/posts\/1053\/revisions"}],"predecessor-version":[{"id":1112,"href":"https:\/\/uni-vers-elle.com\/index.php\/wp-json\/wp\/v2\/posts\/1053\/revisions\/1112"}],"wp:attachment":[{"href":"https:\/\/uni-vers-elle.com\/index.php\/wp-json\/wp\/v2\/media?parent=1053"}],"wp:term":[{"taxonomy":"category","embeddable":true,"href":"https:\/\/uni-vers-elle.com\/index.php\/wp-json\/wp\/v2\/categories?post=1053"},{"taxonomy":"post_tag","embeddable":true,"href":"https:\/\/uni-vers-elle.com\/index.php\/wp-json\/wp\/v2\/tags?post=1053"}],"curies":[{"name":"wp","href":"https:\/\/api.w.org\/{rel}","templated":true}]}}